{"id":899,"date":"2023-01-16T13:53:37","date_gmt":"2023-01-16T13:53:37","guid":{"rendered":"https:\/\/www.esmcargaleiro.pt\/multimedia\/biblioteca\/?p=899"},"modified":"2023-01-16T19:31:47","modified_gmt":"2023-01-16T19:31:47","slug":"projeto-clave","status":"publish","type":"post","link":"https:\/\/www.esmcargaleiro.pt\/multimedia\/biblioteca\/2023\/01\/16\/projeto-clave\/","title":{"rendered":"Projeto Clave"},"content":{"rendered":"\t\t<div data-elementor-type=\"wp-post\" data-elementor-id=\"899\" class=\"elementor elementor-899\">\n\t\t\t\t\t\t<div class=\"elementor-inner\">\n\t\t\t\t<div class=\"elementor-section-wrap\">\n\t\t\t\t\t\t\t\t\t<section class=\"elementor-section elementor-top-section elementor-element elementor-element-0787f03 elementor-section-boxed elementor-section-height-default elementor-section-height-default\" data-id=\"0787f03\" data-element_type=\"section\">\n\t\t\t\t\t\t<div class=\"elementor-container elementor-column-gap-default\">\n\t\t\t\t\t\t\t<div class=\"elementor-row\">\n\t\t\t\t\t<div class=\"elementor-column elementor-col-100 elementor-top-column elementor-element elementor-element-69e8793\" data-id=\"69e8793\" data-element_type=\"column\">\n\t\t\t<div class=\"elementor-column-wrap elementor-element-populated\">\n\t\t\t\t\t\t\t<div class=\"elementor-widget-wrap\">\n\t\t\t\t\t\t<div class=\"elementor-element elementor-element-bf7fb31 elementor-widget elementor-widget-text-editor\" data-id=\"bf7fb31\" data-element_type=\"widget\" data-widget_type=\"text-editor.default\">\n\t\t\t\t<div class=\"elementor-widget-container\">\n\t\t\t\t\t\t\t\t<div class=\"elementor-text-editor elementor-clearfix\">\n\t\t\t\t<p>O projeto visa contribuir para o desenvolvimento da qualidade do ensino e aprendizagem ligando a m\u00fasica \u00e0s outras artes articulando, particularmente, o trabalho de sala de aula com as atividades da biblioteca e dos diversos Grupos de recrutamento (GR).<\/p><p>Entre outros, tem por objetivos incentivar a dimens\u00e3o est\u00e9tica da educa\u00e7\u00e3o atrav\u00e9s da apropria\u00e7\u00e3o da linguagem art\u00edstica e musical, valorizar a arte como forma de conhecimento despertando no aluno o gosto pela m\u00fasica e pela arte em geral, motivar para novas formas de aprendizagem fomentando a inova\u00e7\u00e3o pedag\u00f3gica pretende, ainda, promover o gosto por participar em a\u00e7\u00f5es\/atividades de escola contribuindo para a consolida\u00e7\u00e3o de uma cultura de escola.<\/p>\t\t\t\t\t<\/div>\n\t\t\t\t\t\t<\/div>\n\t\t\t\t<\/div>\n\t\t\t\t\t\t<\/div>\n\t\t\t\t\t<\/div>\n\t\t<\/div>\n\t\t\t\t\t\t\t\t<\/div>\n\t\t\t\t\t<\/div>\n\t\t<\/section>\n\t\t\t\t\t\t\t\t\t<\/div>\n\t\t\t<\/div>\n\t\t\t\t\t<\/div>\n\t\t","protected":false},"excerpt":{"rendered":"<p>O projeto visa contribuir para o desenvolvimento da qualidade do ensino e aprendizagem ligando a m\u00fasica \u00e0s outras artes <span class=\"more-link\"><a href=\"https:\/\/www.esmcargaleiro.pt\/multimedia\/biblioteca\/2023\/01\/16\/projeto-clave\/\">Ler mais<\/a><\/span><\/p>\n","protected":false},"author":1,"featured_media":985,"comment_status":"closed","ping_status":"closed","sticky":false,"template":"","format":"standard","meta":{"_eb_attr":""},"categories":[12],"tags":[],"_links":{"self":[{"href":"https:\/\/www.esmcargaleiro.pt\/multimedia\/biblioteca\/wp-json\/wp\/v2\/posts\/899"}],"collection":[{"href":"https:\/\/www.esmcargaleiro.pt\/multimedia\/biblioteca\/wp-json\/wp\/v2\/posts"}],"about":[{"href":"https:\/\/www.esmcargaleiro.pt\/multimedia\/biblioteca\/wp-json\/wp\/v2\/types\/post"}],"author":[{"embeddable":true,"href":"https:\/\/www.esmcargaleiro.pt\/multimedia\/biblioteca\/wp-json\/wp\/v2\/users\/1"}],"replies":[{"embeddable":true,"href":"https:\/\/www.esmcargaleiro.pt\/multimedia\/biblioteca\/wp-json\/wp\/v2\/comments?post=899"}],"version-history":[{"count":5,"href":"https:\/\/www.esmcargaleiro.pt\/multimedia\/biblioteca\/wp-json\/wp\/v2\/posts\/899\/revisions"}],"predecessor-version":[{"id":982,"href":"https:\/\/www.esmcargaleiro.pt\/multimedia\/biblioteca\/wp-json\/wp\/v2\/posts\/899\/revisions\/982"}],"wp:featuredmedia":[{"embeddable":true,"href":"https:\/\/www.esmcargaleiro.pt\/multimedia\/biblioteca\/wp-json\/wp\/v2\/media\/985"}],"wp:attachment":[{"href":"https:\/\/www.esmcargaleiro.pt\/multimedia\/biblioteca\/wp-json\/wp\/v2\/media?parent=899"}],"wp:term":[{"taxonomy":"category","embeddable":true,"href":"https:\/\/www.esmcargaleiro.pt\/multimedia\/biblioteca\/wp-json\/wp\/v2\/categories?post=899"},{"taxonomy":"post_tag","embeddable":true,"href":"https:\/\/www.esmcargaleiro.pt\/multimedia\/biblioteca\/wp-json\/wp\/v2\/tags?post=899"}],"curies":[{"name":"wp","href":"https:\/\/api.w.org\/{rel}","templated":true}]}}